{"id":115,"date":"2005-09-29T18:46:10","date_gmt":"2005-09-29T18:46:10","guid":{"rendered":"http:\/\/www.chezpiotr.com\/wordpress\/?p=115"},"modified":"2017-02-04T17:05:17","modified_gmt":"2017-02-04T17:05:17","slug":"2005-mise-en-place-de-la-fiscalite-sur-prestations-ittinval","status":"publish","type":"post","link":"http:\/\/www.chezpiotr.com\/wordpress\/experiences\/2005-mise-en-place-de-la-fiscalite-sur-prestations-ittinval\/","title":{"rendered":"2005 : Mise en place de la fiscalit\u00e9 sur prestations ITT\/Inval"},"content":{"rendered":"<h2>Chef de Projet MOA <strong>chez\u00a0<\/strong>MFPServices<\/h2>\n<div class=\"storyUnit\">\n<div class=\"storyUnit\">\n<p><img loading=\"lazy\" decoding=\"async\" class=\"alignleft wp-image-358\" src=\"http:\/\/www.chezpiotr.com\/wordpress\/wp-content\/uploads\/2017\/02\/MFP_services-300x296.png\" width=\"82\" height=\"81\" srcset=\"http:\/\/www.chezpiotr.com\/wordpress\/wp-content\/uploads\/2017\/02\/MFP_services-300x296.png 300w, http:\/\/www.chezpiotr.com\/wordpress\/wp-content\/uploads\/2017\/02\/MFP_services-150x150.png 150w, http:\/\/www.chezpiotr.com\/wordpress\/wp-content\/uploads\/2017\/02\/MFP_services-100x100.png 100w, http:\/\/www.chezpiotr.com\/wordpress\/wp-content\/uploads\/2017\/02\/MFP_services.png 363w\" sizes=\"(max-width: 82px) 100vw, 82px\" \/>Mettre en place la gestion de la fiscalit\u00e9s de prestations ITT\/Invalidit\u00e9 revers\u00e9es via l&#8217;employeur\/souscripteur \u00ab\u00a0oubli\u00e9\u00a0\u00bb dans un produit.<\/p>\n<\/div>\n<\/div>\n<p><!--more--><\/p>\n<h2>contexte<\/h2>\n<p>Au bout de quelques mois d&rsquo;exploitation, il s&rsquo;av\u00e8re qu&rsquo;un produit 100% copie d&rsquo;un autre ne l&rsquo;est pas r\u00e9ellement : la fiscalit\u00e9 \u00e0 appliquer sur les prestations ITT diff\u00e8rent. Il est alors n\u00e9cessaire de redresser la situation au plus vite et mettre en place une solution d\u00e9finitive, si ce n&rsquo;est dans le SI, par une proc\u00e9dure de gestion.<\/p>\n<h2>Les actions<\/h2>\n<ul>\n<li>Analyser et exprimer les particularit\u00e9s fiscales du produit<\/li>\n<li>Proposer les solutions d&rsquo;impl\u00e9mentations<\/li>\n<li>Valider les solutions<\/li>\n<li>Impl\u00e9menter la solution<\/li>\n<li>Former les utilisateurs \u00e0 la sp\u00e9cificit\u00e9 de la proc\u00e9dure<\/li>\n<\/ul>\n<h2>Fin de mission<\/h2>\n<p>La prestation ITT revers\u00e9es par l&#8217;employeur \u00e0 son salari\u00e9 dans un contrat collectif est consid\u00e9r\u00e9 comme un revenu d&rsquo;activit\u00e9 pour la quote-part pris en charge par l&#8217;employeur. La complexit\u00e9 du calcul a int\u00e9grer dans le SI nous a orient\u00e9 vers une solution hybride. Une feuille de calcul en gestion permet \u00e0 partir des \u00e9l\u00e9ments de recalculer le montant du pr\u00e9l\u00e8vement. Une modification \u00e0 minima du SI permet de saisir ce montant et de le r\u00e9injecter dans le calcul de la prestation. Et un \u00e9tat de contr\u00f4le permet de corriger les \u00e9carts trop importants suite \u00e0 des erreurs de saisie au d\u00e9marrage, par rapport \u00e0 une simulation simplifi\u00e9e du montant.<\/p>\n<h2>Des chiffres<\/h2>\n<ul>\n<li>intervention sur 2 mois<\/li>\n<li>pas de chiffrage : le projet a \u00e9t\u00e9 men\u00e9 en urgence et totalement en interne.<\/li>\n<\/ul>\n","protected":false},"excerpt":{"rendered":"<p>Chef de Projet MOA chez\u00a0MFPServices Mettre en place la gestion de la fiscalit\u00e9s de prestations ITT\/Invalidit\u00e9 revers\u00e9es via l&#8217;employeur\/souscripteur \u00ab\u00a0oubli\u00e9\u00a0\u00bb dans un produit.<\/p>\n","protected":false},"author":1,"featured_media":333,"comment_status":"closed","ping_status":"closed","sticky":false,"template":"","format":"standard","meta":{"inline_featured_image":false,"footnotes":""},"categories":[24,5,25],"tags":[12],"_links":{"self":[{"href":"http:\/\/www.chezpiotr.com\/wordpress\/wp-json\/wp\/v2\/posts\/115"}],"collection":[{"href":"http:\/\/www.chezpiotr.com\/wordpress\/wp-json\/wp\/v2\/posts"}],"about":[{"href":"http:\/\/www.chezpiotr.com\/wordpress\/wp-json\/wp\/v2\/types\/post"}],"author":[{"embeddable":true,"href":"http:\/\/www.chezpiotr.com\/wordpress\/wp-json\/wp\/v2\/users\/1"}],"replies":[{"embeddable":true,"href":"http:\/\/www.chezpiotr.com\/wordpress\/wp-json\/wp\/v2\/comments?post=115"}],"version-history":[{"count":2,"href":"http:\/\/www.chezpiotr.com\/wordpress\/wp-json\/wp\/v2\/posts\/115\/revisions"}],"predecessor-version":[{"id":373,"href":"http:\/\/www.chezpiotr.com\/wordpress\/wp-json\/wp\/v2\/posts\/115\/revisions\/373"}],"wp:featuredmedia":[{"embeddable":true,"href":"http:\/\/www.chezpiotr.com\/wordpress\/wp-json\/wp\/v2\/media\/333"}],"wp:attachment":[{"href":"http:\/\/www.chezpiotr.com\/wordpress\/wp-json\/wp\/v2\/media?parent=115"}],"wp:term":[{"taxonomy":"category","embeddable":true,"href":"http:\/\/www.chezpiotr.com\/wordpress\/wp-json\/wp\/v2\/categories?post=115"},{"taxonomy":"post_tag","embeddable":true,"href":"http:\/\/www.chezpiotr.com\/wordpress\/wp-json\/wp\/v2\/tags?post=115"}],"curies":[{"name":"wp","href":"https:\/\/api.w.org\/{rel}","templated":true}]}}