{"id":153,"date":"2012-09-29T19:37:32","date_gmt":"2012-09-29T19:37:32","guid":{"rendered":"http:\/\/www.chezpiotr.com\/wordpress\/?p=153"},"modified":"2017-02-04T15:30:47","modified_gmt":"2017-02-04T15:30:47","slug":"2012-mise-en-place-de-la-gestion-sepa-dans-le-progiciel-de-gestion","status":"publish","type":"post","link":"http:\/\/www.chezpiotr.com\/wordpress\/experiences\/2012-mise-en-place-de-la-gestion-sepa-dans-le-progiciel-de-gestion\/","title":{"rendered":"2012 : Mise en place de la gestion SEPA dans le progiciel de gestion"},"content":{"rendered":"<h2>Chef de projet MOE <strong>chez\u00a0<\/strong>BNPParibas Assurance<\/h2>\n<div class=\"storyUnit\">\n<p><img loading=\"lazy\" decoding=\"async\" class=\" wp-image-193 alignleft\" src=\"http:\/\/www.chezpiotr.com\/wordpress\/wp-content\/uploads\/2016\/01\/BNP-PARIBAS.png\" alt=\"\" width=\"80\" height=\"80\" \/>\u00c9laboration avec l&rsquo;\u00e9quipe projet des interventions requises \u00e0 mise en oeuvre dans les SI de gestion pr\u00e9voyance des requis \u00e0 la mise en place du SEPA dans l&rsquo;ensemble des activit\u00e9s. Dans un premier temps, constitution du planning au vu du capacitif et estimation des chiffrages des ressources internes et externes. Prise en charge du projet ensuite.<\/p>\n<\/div>\n<p><!--more--><\/p>\n<h2>contexte<\/h2>\n<p>L&rsquo;\u00e9ch\u00e9ance de migration des \u00e9changes d&rsquo;ordre avec l&rsquo;\u00e9tablissement financier vers les normes du SEPA approche : F\u00e9vrier 2014, et cette fois il n&rsquo;y aura pas nouveau d\u00e9lais. L&rsquo;entreprise commence donc \u00e0 migrer les Syst\u00e8mes d&rsquo;Informations et les proc\u00e9dure de sorte \u00e0 absorber les exigences de la nouvelle norme, dont notamment :<\/p>\n<ul>\n<li>les exigences en terme de proc\u00e9dure (gestion des mandats de pr\u00e9l\u00e8vement ,gestion des r\u00e9clamations, modification des cutt-off,&#8230;)<\/li>\n<li>les exigences en terme de donn\u00e9es et fonctionnalit\u00e9s (ICS, IBAN, BIC, outils de conversion, nouveaux r\u00e9f\u00e9rentiel,&#8230;)<\/li>\n<li>les exigences en terme de format d&rsquo;\u00e9change (format XML)<\/li>\n<\/ul>\n<p>Concernant le p\u00e9rim\u00e8tre de la Pr\u00e9voyance, 4 SI sont potentiellement concern\u00e9s.<\/p>\n<h2>Les actions<\/h2>\n<h3>En phase d&rsquo;\u00e9tude pr\u00e9alable<\/h3>\n<ul>\n<li>Comparer les gains et risques selon la version cible<\/li>\n<li>Participer \u00e0 la constitution de la solution globale<\/li>\n<li>r\u00e9aliser des macro-chiffrages avec les divers intervenants<\/li>\n<li>constituer un projet au regard de l&rsquo;enveloppe budg\u00e9taire, du capacitif des \u00e9quipes et de la proposition de l&rsquo;\u00e9diteur.<\/li>\n<\/ul>\n<h3>En phase de mise en oeuvre<\/h3>\n<ul>\n<li>Participer aux ateliers d&rsquo;\u00e9laboration du besoin d\u00e9finitif<\/li>\n<li>Concevoir les solutions \u00e0 mettre en oeuvre au regard du besoin fonctionnelle mais aussi des requis en terme de d\u00e9ploiement.<\/li>\n<li>R\u00e9diger les sp\u00e9cifications d\u00e9taill\u00e9s<\/li>\n<li>Assurer la validation applicative.<\/li>\n<li>Discuter les chiffrages externes et les impl\u00e9mentations propos\u00e9es<\/li>\n<li>Suivre la consommation budg\u00e9taire et les r\u00e9alisations<\/li>\n<li>Communiquer sur l&rsquo;avancement et remonter les risque et alertes<\/li>\n<li>Prendre en charges les avenants aux projets (estimations co\u00fbts\/planning et r\u00e9alisations)<\/li>\n<li>Assurer un support technique aux \u00e9quipes de v\u00e9rification et d&rsquo;homologation<\/li>\n<\/ul>\n<h2>Fin de mission<\/h2>\n<p>Les solutions sont actuellement construites \u00e0 plus de 90%, une partie est d\u00e9j\u00e0 en test d&rsquo;int\u00e9gration.<br \/>\nLa mission entre maintenant en phase moins tendue de support aux tests d&rsquo;int\u00e9gration et \u00e0 la recette en attendant un regain d&rsquo;activit\u00e9 pour la mise en production (Octobre 2013) et la migration des mandate (Novembre 2013).<\/p>\n<h2>Des chiffres<\/h2>\n<ul>\n<li>Budget annuel de 75 Jh (interne) et 30 k\u20ac (externe)<\/li>\n<li>Planning sur 50 semaines (2013)<\/li>\n<li>interventions r\u00e9parties sur 1 soci\u00e9t\u00e9 externe et 8 collaborateurs internes<\/li>\n<\/ul>\n","protected":false},"excerpt":{"rendered":"<p>Chef de projet MOE chez\u00a0BNPParibas Assurance \u00c9laboration avec l&rsquo;\u00e9quipe projet des interventions requises \u00e0 mise en oeuvre dans les SI de gestion pr\u00e9voyance des requis \u00e0 la mise en place du SEPA dans l&rsquo;ensemble des activit\u00e9s. Dans un premier temps, constitution du planning au vu du capacitif et estimation des chiffrages des ressources internes et &hellip; <\/p>\n<p class=\"link-more\"><a href=\"http:\/\/www.chezpiotr.com\/wordpress\/experiences\/2012-mise-en-place-de-la-gestion-sepa-dans-le-progiciel-de-gestion\/\" class=\"more-link\">Continuer la lecture<span class=\"screen-reader-text\"> de &laquo;&nbsp;2012 : Mise en place de la gestion SEPA dans le progiciel de gestion&nbsp;&raquo;<\/span><\/a><\/p>\n","protected":false},"author":1,"featured_media":346,"comment_status":"closed","ping_status":"closed","sticky":false,"template":"","format":"standard","meta":{"inline_featured_image":false,"footnotes":""},"categories":[24,5,25],"tags":[20,10,11,30],"_links":{"self":[{"href":"http:\/\/www.chezpiotr.com\/wordpress\/wp-json\/wp\/v2\/posts\/153"}],"collection":[{"href":"http:\/\/www.chezpiotr.com\/wordpress\/wp-json\/wp\/v2\/posts"}],"about":[{"href":"http:\/\/www.chezpiotr.com\/wordpress\/wp-json\/wp\/v2\/types\/post"}],"author":[{"embeddable":true,"href":"http:\/\/www.chezpiotr.com\/wordpress\/wp-json\/wp\/v2\/users\/1"}],"replies":[{"embeddable":true,"href":"http:\/\/www.chezpiotr.com\/wordpress\/wp-json\/wp\/v2\/comments?post=153"}],"version-history":[{"count":2,"href":"http:\/\/www.chezpiotr.com\/wordpress\/wp-json\/wp\/v2\/posts\/153\/revisions"}],"predecessor-version":[{"id":236,"href":"http:\/\/www.chezpiotr.com\/wordpress\/wp-json\/wp\/v2\/posts\/153\/revisions\/236"}],"wp:featuredmedia":[{"embeddable":true,"href":"http:\/\/www.chezpiotr.com\/wordpress\/wp-json\/wp\/v2\/media\/346"}],"wp:attachment":[{"href":"http:\/\/www.chezpiotr.com\/wordpress\/wp-json\/wp\/v2\/media?parent=153"}],"wp:term":[{"taxonomy":"category","embeddable":true,"href":"http:\/\/www.chezpiotr.com\/wordpress\/wp-json\/wp\/v2\/categories?post=153"},{"taxonomy":"post_tag","embeddable":true,"href":"http:\/\/www.chezpiotr.com\/wordpress\/wp-json\/wp\/v2\/tags?post=153"}],"curies":[{"name":"wp","href":"https:\/\/api.w.org\/{rel}","templated":true}]}}